{"id":431,"date":"2021-11-24T13:04:31","date_gmt":"2021-11-24T13:04:31","guid":{"rendered":"http:\/\/wordpress.dev.sk\/?p=431"},"modified":"2021-11-24T13:06:00","modified_gmt":"2021-11-24T13:06:00","slug":"miert-bizd-a-marketinged-egy-reklamugynoksegre","status":"publish","type":"post","link":"https:\/\/crprofil.com\/hu\/2021\/11\/24\/miert-bizd-a-marketinged-egy-reklamugynoksegre\/","title":{"rendered":"Mi\u00e9rt b\u00edzd a marketinged egy rekl\u00e1m\u00fcgyn\u00f6ks\u00e9gre?"},"content":{"rendered":"\n<p>Tudom, nagy meglepet\u00e9s, hogy egy rekl\u00e1m\u00fcgyn\u00f6ks\u00e9g blogja a k\u00f6z\u00f6s munka el\u0151nyeir\u0151l sz\u00f3l, de eltekintve az elfogults\u00e1gt\u00f3l, fontos meg\u00e9rten\u00fcnk n\u00e9h\u00e1ny kulcsfontoss\u00e1g\u00fa t\u00e9nyt, melyek egy marketing \u00fcgyn\u00f6ks\u00e9ggel folytatott egy\u00fcttm\u0171k\u00f6d\u00e9sre vonatkoznak. M\u00e9g akkor is, ha a marketinget c\u00e9gen bel\u00fcl int\u00e9zed, sz\u00e1mos (p\u00e9nzben is kimutathat\u00f3) el\u0151nyt hozhat neked a k\u00f6z\u00f6s munka egy \u00fcgyn\u00f6ks\u00e9ggel. <\/p>\n\n\n\n<h3 class=\"wp-block-heading\"><strong>1.) Id\u0151t takar\u00edthatsz meg!<\/strong> <\/h3>\n\n\n\n<p>Az id\u0151 p\u00e9nz! Mindenki ismeri ezt a kifejez\u00e9st. Egy c\u00e9g sz\u00e1m\u00e1ra mindez nyilv\u00e1nval\u00f3. Ha egy rekl\u00e1m\u00fcgyn\u00f6ks\u00e9gre b\u00edzod marketing strat\u00e9gi\u00e1d akkor nem kell minden nap ennek kivitelez\u00e9s\u00e9vel foglalkoznod (ha a legegyszer\u0171bb Facebook hirdet\u00e9sekre is gondolunk, nem k\u00f6nny\u0171 heti gyakoris\u00e1ggal, kreat\u00edv \u00e9s relev\u00e1ns tartalmat k\u00e9sz\u00edteni) <\/p>\n\n\n\n<p>\u00cdgy t\u00f6bb id\u0151t tudsz befektetni a munk\u00e1dba, \u00f6tleteid kivitelez\u00e9s\u00e9be. <\/p>\n\n\n\n<figure class=\"wp-block-image size-full\"><img fetchpriority=\"high\" decoding=\"async\" width=\"977\" height=\"1024\" src=\"http:\/\/wordpress.dev.sk\/wp-content\/uploads\/2021\/11\/time-machine-2-977x1024-1.jpg\" alt=\"\" class=\"wp-image-432\" srcset=\"https:\/\/crprofil.com\/wp-content\/uploads\/2021\/11\/time-machine-2-977x1024-1.jpg 977w, https:\/\/crprofil.com\/wp-content\/uploads\/2021\/11\/time-machine-2-977x1024-1-600x629.jpg 600w, https:\/\/crprofil.com\/wp-content\/uploads\/2021\/11\/time-machine-2-977x1024-1-286x300.jpg 286w, https:\/\/crprofil.com\/wp-content\/uploads\/2021\/11\/time-machine-2-977x1024-1-768x805.jpg 768w\" sizes=\"(max-width: 977px) 100vw, 977px\" \/><\/figure>\n\n\n\n<h3 class=\"wp-block-heading\"><strong>2.) \u00d6sszpontos\u00edthatsz arra, amit a legjobban csin\u00e1lsz!<\/strong> <\/h3>\n\n\n\n<p>Tegy\u00fck fel, hogy\u00a0 nagyon finom csokikat k\u00e9sz\u00edtesz \u00e9s azt szeretn\u00e9d eladni. Sokat kell dolgoznod a term\u00e9keiddel, fejleszteni magad \u00e9s ezek mellett m\u00e9g rekl\u00e1mozni is kell a term\u00e9keid. Legy\u00fcnk \u0151szint\u00e9k: egy rekl\u00e1mkamp\u00e1ny rengeteg id\u0151t, er\u0151forr\u00e1st\u00a0 (email marketing, k\u00f6z\u00f6ss\u00e9gi m\u00e9dia hirdet\u00e9sek, google hirdet\u00e9sek\u2026.) \u00e9s szak\u00e9rtelmet (SEM,SEO,analitika \u00e9rtelmez\u00e9se, design, programoz\u00f3 ismeretek\u2026) ig\u00e9nyel. Ha igaz\u00e1n komolyan veszed, k\u00f6nnyen napi n\u00e9gy \u00f3ra t\u00f6bbletmunka is lehet a marketinggel. Ha a csokis p\u00e9ld\u00e1n\u00e1l maradok, neked bizony\u00e1ra a m\u00e9g jobb min\u0151s\u00e9g a c\u00e9lod. Ha egy rekl\u00e1m\u00fcgyn\u00f6ks\u00e9get v\u00e1lasztasz, t\u00f6bb id\u0151d marad profibb\u00e1 v\u00e1lni a csokik\u00e9sz\u00edt\u00e9sben. <\/p>\n\n\n\n<h3 class=\"wp-block-heading\"><strong>3.) P\u00e9nzt takar\u00edthatsz meg!<\/strong> <\/h3>\n\n\n\n<p>Ez el\u00e9g furcs\u00e1n hangzik: m\u00e9gis hogy takar\u00edthatsz meg p\u00e9nzt azzal, ha havi rendszeress\u00e9ggel fizetsz egy szolg\u00e1ltat\u00e1s\u00e9rt? Nos els\u0151sorban legy\u00fcnk teljesen \u0151szint\u00e9k: Egy rekl\u00e1m\u00fcgyn\u00f6ks\u00e9g (szemben egy marketingessel, akit felvenn\u00e9l, hogy dolgozzon neked) soha nem fog betegszabads\u00e1gra menni, nem kell ut\u00e1na extra juttat\u00e1st fizetni, nem fog felmondani, s\u0151t itt te vagy az, aki az \u00fagymond pr\u00f3baid\u0151 ut\u00e1n felmondhat. <\/p>\n\n\n\n<p>Ha re\u00e1lisan megn\u00e9zed azt az id\u0151t amit a marketingbe kell fektetned \u00e9s azt az \u00f6sszeget, amit egy rekl\u00e1m\u00fcgyn\u00f6ks\u00e9g k\u00e9r t\u0151led \u2013 \u00e9szreveszed, hogy p\u00e9nzt sp\u00f3rolsz! Ha j\u00f3l v\u00e1lasztott\u00e1l \u00fcgyn\u00f6ks\u00e9get,\u00a0 jelent\u0151s \u00f6sszeget is megsp\u00f3rolhat, tov\u00e1bb\u00e1 az \u00fcgyn\u00f6ks\u00e9g is tetemes \u00f6sszeget termelhet neked. A szak\u00e9rtelem megfizethetetlen! V\u00e9gtelen mennyis\u00e9g\u0171 p\u00e9nzt ki tudsz dobni azzal az ablakon, ha pl.: rosszul m\u00e9red fel, vagy rosszul \u00e1ll\u00edtod be hirdet\u00e9sed c\u00e9lcsoportj\u00e1t.<\/p>\n\n\n\n<figure class=\"wp-block-image size-full\"><img decoding=\"async\" width=\"1024\" height=\"891\" src=\"http:\/\/wordpress.dev.sk\/wp-content\/uploads\/2021\/11\/turn-on-the-idea-1024x891-1.jpg\" alt=\"\" class=\"wp-image-434\" srcset=\"https:\/\/crprofil.com\/wp-content\/uploads\/2021\/11\/turn-on-the-idea-1024x891-1.jpg 1024w, https:\/\/crprofil.com\/wp-content\/uploads\/2021\/11\/turn-on-the-idea-1024x891-1-600x522.jpg 600w, https:\/\/crprofil.com\/wp-content\/uploads\/2021\/11\/turn-on-the-idea-1024x891-1-300x261.jpg 300w, https:\/\/crprofil.com\/wp-content\/uploads\/2021\/11\/turn-on-the-idea-1024x891-1-768x668.jpg 768w\" sizes=\"(max-width: 1024px) 100vw, 1024px\" \/><\/figure>\n\n\n\n<h3 class=\"wp-block-heading\"><strong>4.) \u00daj n\u00e9z\u0151pontot ismerhetsz meg!<\/strong> <\/h3>\n\n\n\n<p>V\u00e1llalkoz\u00f3k\u00e9nt min\u00e9l t\u00f6bb id\u0151t t\u00f6ltesz a piacod tanulm\u00e1nyoz\u00e1s\u00e1val, ann\u00e1l jobban kiismered . Viszont id\u0151vel k\u00f6nnyen elveszhetsz benne. Fontos, hogy a piacod, term\u00e9ked objekt\u00edven is tudd n\u00e9zni. A v\u00e1llalkoz\u00f3k gyakran gondolj\u00e1k azt, hogy az \u0151 term\u00e9k\u00fck a leg-legjobb, hogy mindenki, aki a piacon van, versenyt\u00e1rs. Ha egy k\u00fcls\u0151s szakemberrel kezdesz dolgozni, \u0151 objekt\u00edven tudja szeml\u00e9lni a term\u00e9ked, val\u00f3s probl\u00e9m\u00e1kra h\u00edvhatja fel a figyelmed. R\u00e1mutathad a piacod olyan szegmenseire, amelyeket eddig \u00e9szre sem vett\u00e9l. <\/p>\n\n\n\n<p><strong>\u00d6sszegz\u00e9s<\/strong> <\/p>\n\n\n\n<p>Term\u00e9szetesen sz\u00e1mtalan m\u00e1s el\u0151nnyel is j\u00e1rhat, ha egy rekl\u00e1m\u00fcgyn\u00f6ks\u00e9ggel dolgozol egy\u00fctt: megb\u00edzhat\u00f3s\u00e1g, pontoss\u00e1g, szak\u00e9rtelem. Csup\u00e1n egy megv\u00e1laszolatlan k\u00e9rd\u00e9s maradt: Mi alapj\u00e1n k\u00e9ne rekl\u00e1m\u00fcgyn\u00f6ks\u00e9get v\u00e1lasztonadod? Els\u0151sorban az \u00e1r-\u00e9rt\u00e9k ar\u00e1ny lesz a d\u00f6nt\u0151,de meg\u00e9ri a\u00a0 d\u00f6nt\u00e9shozatal el\u0151tt \u00e1ttekinteni a referenci\u00e1kat, blog cikkeket olvasni. <\/p>\n\n\n\n<p>Nem \u00e9rdemes sietni vagy kapkodni a d\u00f6nt\u00e9ssel, mivel az igaz\u00e1n hat\u00e9kony munk\u00e1hoz j\u00f3l kell \u00fcgyn\u00f6ks\u00e9get v\u00e1lasztani.. Tov\u00e1bb\u00e1 nem elhanyagolhat\u00f3 a szem\u00e9lyes t\u00e9nyez\u0151 sem: hi\u00e1ba lesz a d\u00f6nt\u00e9sed szakmai alapokon nyugv\u00f3, ha emberileg nem fogod megtal\u00e1lni a k\u00f6z\u00f6s hangot az \u00fcgyn\u00f6ks\u00e9ggel. Apr\u00f3s\u00e1gnak t\u0171nhet, de a hib\u00e1s kommunik\u00e1ci\u00f3 sz\u00e1mos gondot okozhat.\u00a0 <\/p>\n\n\n\n<p>Rem\u00e9lem a blog cikk felkeltette a figyelmed \u00e9s az olvas\u00e1sra ford\u00edtott id\u0151 sikeresen t\u00e9r\u00fcl meg. Oszd meg a cikket, hogy min\u00e9l t\u00f6bb emberhez eljuthasson! <\/p>\n","protected":false},"excerpt":{"rendered":"<p>Tudom, nagy meglepet\u00e9s, hogy egy rekl\u00e1m\u00fcgyn\u00f6ks\u00e9g blogja a k\u00f6z\u00f6s munka el\u0151nyeir\u0151l sz\u00f3l, de eltekintve az elfogults\u00e1gt\u00f3l, fontos meg\u00e9rten\u00fcnk n\u00e9h\u00e1ny kulcsfontoss\u00e1g\u00fa t\u00e9nyt, melyek egy marketing \u00fcgyn\u00f6ks\u00e9ggel folytatott egy\u00fcttm\u0171k\u00f6d\u00e9sre vonatkoznak. M\u00e9g akkor is, ha a marketinget c\u00e9gen bel\u00fcl int\u00e9zed, sz\u00e1mos (p\u00e9nzben is kimutathat\u00f3) el\u0151nyt hozhat neked a k\u00f6z\u00f6s munka egy \u00fcgyn\u00f6ks\u00e9ggel. 1.) Id\u0151t takar\u00edthatsz meg! Az id\u0151 [&hellip;]<\/p>\n","protected":false},"author":1,"featured_media":421,"comment_status":"closed","ping_status":"open","sticky":false,"template":"","format":"standard","meta":{"inline_featured_image":false,"footnotes":""},"categories":[1],"tags":[],"class_list":["post-431","post","type-post","status-publish","format-standard","has-post-thumbnail","hentry","category-blog"],"_links":{"self":[{"href":"https:\/\/crprofil.com\/hu\/wp-json\/wp\/v2\/posts\/431","targetHints":{"allow":["GET"]}}],"collection":[{"href":"https:\/\/crprofil.com\/hu\/wp-json\/wp\/v2\/posts"}],"about":[{"href":"https:\/\/crprofil.com\/hu\/wp-json\/wp\/v2\/types\/post"}],"author":[{"embeddable":true,"href":"https:\/\/crprofil.com\/hu\/wp-json\/wp\/v2\/users\/1"}],"replies":[{"embeddable":true,"href":"https:\/\/crprofil.com\/hu\/wp-json\/wp\/v2\/comments?post=431"}],"version-history":[{"count":1,"href":"https:\/\/crprofil.com\/hu\/wp-json\/wp\/v2\/posts\/431\/revisions"}],"predecessor-version":[{"id":436,"href":"https:\/\/crprofil.com\/hu\/wp-json\/wp\/v2\/posts\/431\/revisions\/436"}],"wp:featuredmedia":[{"embeddable":true,"href":"https:\/\/crprofil.com\/hu\/wp-json\/wp\/v2\/media\/421"}],"wp:attachment":[{"href":"https:\/\/crprofil.com\/hu\/wp-json\/wp\/v2\/media?parent=431"}],"wp:term":[{"taxonomy":"category","embeddable":true,"href":"https:\/\/crprofil.com\/hu\/wp-json\/wp\/v2\/categories?post=431"},{"taxonomy":"post_tag","embeddable":true,"href":"https:\/\/crprofil.com\/hu\/wp-json\/wp\/v2\/tags?post=431"}],"curies":[{"name":"wp","href":"https:\/\/api.w.org\/{rel}","templated":true}]}}