{"id":437,"date":"2021-11-24T13:30:07","date_gmt":"2021-11-24T13:30:07","guid":{"rendered":"http:\/\/wordpress.dev.sk\/?p=437"},"modified":"2021-11-24T13:30:15","modified_gmt":"2021-11-24T13:30:15","slug":"hogyan-hirdess-facebook-posztot","status":"publish","type":"post","link":"https:\/\/crprofil.com\/hu\/2021\/11\/24\/hogyan-hirdess-facebook-posztot\/","title":{"rendered":"Hogyan hirdess Facebook posztot?"},"content":{"rendered":"\n<h2 class=\"wp-block-heading\"><strong>Minden, amit tudni szerett\u00e9l volna, de senki sem mondta el.<\/strong> <\/h2>\n\n\n\n<p>Most kezded az ismerked\u00e9st az online marketinggel? Bizony\u00e1ra rengeteg mindenr\u0151l szeretn\u00e9l tanulni, de az olykor t\u00fal nagy inform\u00e1ci\u00f3 halmazb\u00f3l neh\u00e9z lehet kisz\u0171rni a l\u00e9nyeget. Ez\u00e9rt most kimondottan a marketinggel ismerked\u0151knek\u00a0<strong>egyszer\u0171en<\/strong>, l\u00e9p\u00e9sr\u0151l-l\u00e9p\u00e9sre megmutatom, hogyan kell egy Facebook hirdet\u00e9st l\u00e9trehozni. P\u00e1r tippel \u00e9s tr\u00fckkel sz\u00ednezve. <\/p>\n\n\n\n<h2 class=\"wp-block-heading\"><strong>1. L\u00e9p\u00e9s: Hirdet\u00e9skezel\u0151 l\u00e9trehoz\u00e1sa<\/strong> <\/h2>\n\n\n\n<p>Facebookon\u00a0<strong>nem tudsz szem\u00e9lyes profilt hirdetni<\/strong>, ez\u00e9rt ha m\u00e9g nem tetted meg, hozz l\u00e9tre egy Facebook oldalt. Miut\u00e1n ez megvan, be kell \u00fczemelni a\u00a0<strong>h\u00edrdet\u00e9skezel\u0151t<\/strong>, melyet a fels\u0151 men\u00fcben is megtal\u00e1lsz, de ezen a linken is el\u00e9red:\u00a0<a href=\"https:\/\/www.facebook.com\/ads\/manager\/\" target=\"_blank\" rel=\"noopener\">https:\/\/www.facebook.com\/ads\/manager\/<\/a>. <\/p>\n\n\n\n<p>Ennek k\u00f6sz\u00f6nhet\u0151en fogsz tudni hirdet\u00e9seket l\u00e9trehozni \u00e9s \u00fczemelni. Itt be kell \u00e1ll\u00edtani a v\u00e1llalkoz\u00e1s nev\u00e9t, sz\u00e9khely\u00e9t, id\u0151z\u00f3n\u00e1t, p\u00e9nznemet stb. Az adatok ut\u00f3lag is m\u00f3dos\u00edthat\u00f3k, de c\u00e9lszer\u0171 el\u0151re gondolkozni. A hirdet\u00e9skezel\u0151ben meg kell adni egy bankk\u00e1rty\u00e1t is, melyr\u0151l a Facebook le tudja vonni a hirdet\u00e9sek \u00f6sszeg\u00e9t.\u00a0<em>Mastercard<\/em>,\u00a0<em>Visa<\/em>,\u00a0<em>American Expres<\/em>s, illetve\u00a0<em>Pay Pal<\/em>\u00a0lehet\u0151s\u00e9gek k\u00f6z\u00fcl lehet v\u00e1lasztani.\u00a0 Be lehet \u00e1ll\u00edtani a\u00a0<strong>k\u00f6lts\u00e9g limitet<\/strong>\u00a0is, azaz v\u00e9dj\u00fck magunk az ellen, hogy a v\u00e1rtn\u00e1l nagyobb \u00f6sszeggel hirdess\u00fcnk. <\/p>\n\n\n\n<p>Ezt a k\u00f6vetkez\u0151k\u00e9ppen tudod megcsin\u00e1lni:\u00a0<a href=\"https:\/\/business.facebook.com\/\" target=\"_blank\" rel=\"noopener\">https:\/\/business.facebook.com\/<\/a>\u00a0oldalon bal oldalt a<strong>\u00a0tov\u00e1bbi eszk\u00f6z\u00f6k<\/strong>et megkeresed, \u00e9s r\u00e1 kattintasz a\u00a0<strong>v\u00e1llakoz\u00e1s be\u00e1ll\u00edt\u00e1sai<\/strong>\u00a0men\u00fcpontra. Ekkor megny\u00edlik egy k\u00f6vetkez\u0151 ablak, ahol \u2013 mint azt a k\u00e9p is mutatja \u2013 a\u00a0<strong>hirdet\u00e9si fi\u00f3k be\u00e1ll\u00edt\u00e1sai<\/strong>ra kell kattinatnod.\u00a0 V\u00e9g\u00fcl a\u00a0<strong>fizet\u00e9si be\u00e1ll\u00edt\u00e1sok<\/strong>n\u00e1l tudsz minden fizet\u00e9ssel kapcsolatos dolgot be\u00e1ll\u00edtani. <\/p>\n\n\n\n<div class=\"wp-block-image\"><figure class=\"aligncenter size-full\"><img fetchpriority=\"high\" decoding=\"async\" width=\"440\" height=\"943\" src=\"http:\/\/wordpress.dev.sk\/wp-content\/uploads\/2021\/11\/1.-1.jpg\" alt=\"\" class=\"wp-image-438\" srcset=\"https:\/\/crprofil.com\/wp-content\/uploads\/2021\/11\/1.-1.jpg 440w, https:\/\/crprofil.com\/wp-content\/uploads\/2021\/11\/1.-1-416x892.jpg 416w, https:\/\/crprofil.com\/wp-content\/uploads\/2021\/11\/1.-1-140x300.jpg 140w\" sizes=\"(max-width: 440px) 100vw, 440px\" \/><\/figure><\/div>\n\n\n\n<div class=\"wp-block-image\"><figure class=\"aligncenter size-full\"><img decoding=\"async\" width=\"904\" height=\"708\" src=\"http:\/\/wordpress.dev.sk\/wp-content\/uploads\/2021\/11\/2..jpg\" alt=\"\" class=\"wp-image-440\" srcset=\"https:\/\/crprofil.com\/wp-content\/uploads\/2021\/11\/2..jpg 904w, https:\/\/crprofil.com\/wp-content\/uploads\/2021\/11\/2.-600x470.jpg 600w, https:\/\/crprofil.com\/wp-content\/uploads\/2021\/11\/2.-300x235.jpg 300w, https:\/\/crprofil.com\/wp-content\/uploads\/2021\/11\/2.-768x600.jpg 768w\" sizes=\"(max-width: 904px) 100vw, 904px\" \/><\/figure><\/div>\n\n\n\n<div class=\"wp-block-image\"><figure class=\"aligncenter size-full\"><img decoding=\"async\" width=\"356\" height=\"594\" src=\"http:\/\/wordpress.dev.sk\/wp-content\/uploads\/2021\/11\/3..jpg\" alt=\"\" class=\"wp-image-442\" srcset=\"https:\/\/crprofil.com\/wp-content\/uploads\/2021\/11\/3..jpg 356w, https:\/\/crprofil.com\/wp-content\/uploads\/2021\/11\/3.-180x300.jpg 180w\" sizes=\"(max-width: 356px) 100vw, 356px\" \/><\/figure><\/div>\n\n\n\n<h2 class=\"wp-block-heading\"><strong>2. L\u00e9p\u00e9s: Poszt kiemel\u00e9se<\/strong> <\/h2>\n\n\n\n<p>Ebben a blogban a<strong>\u00a0legegyszer\u0171bb Facebook hirdet\u00e9si lehet\u0151s\u00e9g<\/strong>et mutatom be: a poszt kiemel\u00e9st. Olyan posztot tudsz hirdetni, melyet m\u00e1r megosztott\u00e1l vagy id\u0151z\u00edtett\u00e9l- ugyanakkor ha egy posztot m\u00e1r kiemelt\u00e9l, nem szerkeszthetsz benne semmit, m\u00e9g egy el\u00fct\u00e9st sem. <\/p>\n\n\n\n<p>A folyamat a k\u00f6vetkez\u0151: a Facebook oldalunkon megkeresed a hirdetni sz\u00e1nt posztot, r\u00e1m\u00e9sz a kiemel\u00e9s gombra (k\u00f6zvetlen\u00fcl a poszt alatt). Itt miel\u0151tt b\u00e1rmit is be\u00e1ll\u00edtunk ellen\u0151rizz\u00fck, hogy a megfelel\u0151 k\u00e1rty\u00e1r\u00f3l ker\u00fcl-e levon\u00e1sra a hirdet\u00e9s \u00e1ra. Ez ut\u00e1n ki lehet v\u00e1lasztani a sz\u00e1munkra legpraktikusabb gombot, azaz, hogy az emberek milyen interakci\u00f3t v\u00e9gezzenek el: tudjuk \u0151ket a weboldalunkra k\u00fcldeni, esetleg a chatbot-unkba. <\/p>\n\n\n\n<p>Ezek ut\u00e1n v\u00e1lasszuk ki a c\u00e9lk\u00f6z\u00f6ns\u00e9g\u00fcnk. \u00c9lhet\u00fcnk a Facebook \u00e1ltal aj\u00e1nlottal is, de hozhatunk l\u00e9tre saj\u00e1t c\u00e9lk\u00f6z\u00f6ns\u00e9get -ezt a Facebook elmenti, \u00e9s b\u00e1rmikor \u00fajb\u00f3l tudjuk haszn\u00e1lni-. Az egy\u00e9ni c\u00e9lz\u00e1sn\u00e1l mindent be tudsz \u00e1ll\u00edtani; az alapvet\u0151 demogr\u00e1fiai adatokat, f\u00f6ldrajzi helyet (ak\u00e1r az \u00fczleted 1km k\u00f6rzet\u00e9ben is tudsz hirdetni), de speci\u00e1lis kateg\u00f3ri\u00e1kat is be\u00e1ll\u00edthasz- pl.: hobbit, \u00e9rdekl\u0151d\u00e9si k\u00f6rt, csal\u00e1di \u00e1llapotot stb. <\/p>\n\n\n\n<h3 class=\"wp-block-heading\">Mi\u00e9rt j\u00f3 ha \u00edgy emelsz ki posztot? <\/h3>\n\n\n\n<p>Alapvet\u0151en nagyon egyszer\u0171 \u00e9s gyors m\u00f3dja annak, hogy sok emberhez juss el. <\/p>\n\n\n\n<h3 class=\"wp-block-heading\">Milyen buktat\u00f3i lehetnek? <\/h3>\n\n\n\n<p>Gyakori hiba rosszul felm\u00e9rt c\u00e9lk\u00f6z\u00f6ns\u00e9g. Ezen t\u00fal k\u00e9t technikai jelleg\u0171 hiba lehet: a Facebook \u00e1ltal felk\u00edn\u00e1lt c\u00e9lk\u00f6z\u00f6ns\u00e9get sz\u00f3l\u00edtjuk meg, de lehets\u00e9ges, hogy ebben a c\u00e9lk\u00f6z\u00f6ns\u00e9gben kev\u00e9s a potenci\u00e1lis v\u00e1s\u00e1rl\u00f3nk. Illetve a m\u00e1sik v\u00e9glet: pontosan sz\u0171r\u00fcnk mindent, ak\u00e1r t\u00f6bb speci\u00e1lis kateg\u00f3ri\u00e1t is v\u00e1lasztunk, ennek hat\u00e1s\u00e1ra kev\u00e9s ember felel meg a sz\u0171rt adatoknak, ez\u00e9rt kev\u00e9s emberhez jut el a poszt. \u00c9rdemes megtal\u00e1lni az arany k\u00f6z\u00e9putat, tov\u00e1bb\u00e1 nem 100%-ban t\u00e1maszkodni a Facebook adatira, mivel kisebb hib\u00e1k lehetnek benne. <\/p>\n\n\n\n<h2 class=\"wp-block-heading\"><strong>\u00d6sszegz\u00e9s:<\/strong> <\/h2>\n\n\n\n<p>Ebben a Blogban megismerkedhett\u00e9l p\u00e1r\u00a0<strong>alap technikai jelleg\u0171 be\u00e1ll\u00edt\u00e1ssal<\/strong>. Ha a\u00a0<a href=\"https:\/\/blog.wado.sk\/tartalommarketing-mi-az-es-hogyan-alljunk-hozza\/?lang=hu\" target=\"_blank\" rel=\"noopener\">poszt<\/a>\u00a0kiemel\u00e9s hirdet\u00e9si strat\u00e9gi\u00e1t alkalmazod, t\u00f6bb emberhez juthatsz el adott id\u0151 alatt, illetve egy nagyon egyszer\u0171 m\u00f3don tudsz hirdetni a Facebookon. De mint m\u00e1r utaltam r\u00e1,\u00a0<strong>nem ez az egyetlen m\u00f3dszer<\/strong>! Ha enn\u00e9l egy fokkal szakmaibb, \u00f6sszetettebb hirdet\u00e9si m\u00f3dot szeretn\u00e9l elsaj\u00e1t\u00edtani, akkor olvasd el a\u00a0<strong>k\u00f6vetkez\u0151 heti blog<\/strong>unkat is, melyben\u00a0<strong>hirdet\u00e9si kamp\u00e1nyokr\u00f3l, hirdet\u00e9sek hat\u00e9konys\u00e1g\u00e1r\u00f3l, konverzi\u00f3r\u00f3l<\/strong>\u00a0\u00e9s a rejt\u00e9lyesen hangz\u00f3\u00a0<strong>CTR-<\/strong>r\u0151l \u00e9s\u00a0<strong>Pixel<\/strong>r\u0151l lesz sz\u00f3. Ugyan\u00edgy l\u00e9p\u00e9sr\u0151l-l\u00e9p\u00e9sre, egyszer\u0171en elmagyar\u00e1zva. <\/p>\n\n\n\n<p> Maradj a\u00a0<a href=\"https:\/\/www.wado.sk\/hu\/\" target=\"_blank\" rel=\"noopener\">WADO<\/a>\u00a0fed\u00e9lzet\u00e9n \u00e9s tanulj \u00faj dolgokat! <\/p>\n","protected":false},"excerpt":{"rendered":"<p>Minden, amit tudni szerett\u00e9l volna, de senki sem mondta el. Most kezded az ismerked\u00e9st az online marketinggel? Bizony\u00e1ra rengeteg mindenr\u0151l szeretn\u00e9l tanulni, de az olykor t\u00fal nagy inform\u00e1ci\u00f3 halmazb\u00f3l neh\u00e9z lehet kisz\u0171rni a l\u00e9nyeget. Ez\u00e9rt most kimondottan a marketinggel ismerked\u0151knek\u00a0egyszer\u0171en, l\u00e9p\u00e9sr\u0151l-l\u00e9p\u00e9sre megmutatom, hogyan kell egy Facebook hirdet\u00e9st l\u00e9trehozni. P\u00e1r tippel \u00e9s tr\u00fckkel sz\u00ednezve. 1. L\u00e9p\u00e9s: [&hellip;]<\/p>\n","protected":false},"author":1,"featured_media":423,"comment_status":"closed","ping_status":"open","sticky":false,"template":"","format":"standard","meta":{"inline_featured_image":false,"footnotes":""},"categories":[1],"tags":[],"class_list":["post-437","post","type-post","status-publish","format-standard","has-post-thumbnail","hentry","category-blog"],"_links":{"self":[{"href":"https:\/\/crprofil.com\/hu\/wp-json\/wp\/v2\/posts\/437","targetHints":{"allow":["GET"]}}],"collection":[{"href":"https:\/\/crprofil.com\/hu\/wp-json\/wp\/v2\/posts"}],"about":[{"href":"https:\/\/crprofil.com\/hu\/wp-json\/wp\/v2\/types\/post"}],"author":[{"embeddable":true,"href":"https:\/\/crprofil.com\/hu\/wp-json\/wp\/v2\/users\/1"}],"replies":[{"embeddable":true,"href":"https:\/\/crprofil.com\/hu\/wp-json\/wp\/v2\/comments?post=437"}],"version-history":[{"count":1,"href":"https:\/\/crprofil.com\/hu\/wp-json\/wp\/v2\/posts\/437\/revisions"}],"predecessor-version":[{"id":444,"href":"https:\/\/crprofil.com\/hu\/wp-json\/wp\/v2\/posts\/437\/revisions\/444"}],"wp:featuredmedia":[{"embeddable":true,"href":"https:\/\/crprofil.com\/hu\/wp-json\/wp\/v2\/media\/423"}],"wp:attachment":[{"href":"https:\/\/crprofil.com\/hu\/wp-json\/wp\/v2\/media?parent=437"}],"wp:term":[{"taxonomy":"category","embeddable":true,"href":"https:\/\/crprofil.com\/hu\/wp-json\/wp\/v2\/categories?post=437"},{"taxonomy":"post_tag","embeddable":true,"href":"https:\/\/crprofil.com\/hu\/wp-json\/wp\/v2\/tags?post=437"}],"curies":[{"name":"wp","href":"https:\/\/api.w.org\/{rel}","templated":true}]}}